{"id":20329,"date":"2024-12-18T17:32:08","date_gmt":"2024-12-18T09:32:08","guid":{"rendered":"https:\/\/o-yate.net\/?p=20329"},"modified":"2025-03-07T19:15:26","modified_gmt":"2025-03-07T11:15:26","slug":"220v-1500w-1500mm-infrared-carbon-fiber-heating","status":"publish","type":"post","link":"https:\/\/o-yate.net\/pt\/220v-1500w-1500mm-infrared-carbon-fiber-heating\/","title":{"rendered":"220V 1500W 1500mm L\u00e2mpadas de aquecimento de fibra de carbono infravermelho"},"content":{"rendered":"<h1 id=\"benefits-of-using-220v-1500w-1500mm-infrared-carbon-fiber-heating-lamps-wpaicgheading\">Benef\u00edcios do uso de 220V 1500W 1500mm L\u00e2mpadas de aquecimento de fibra de carbono infravermelho<\/h1>\n<p>\nO uso de l\u00e2mpadas de aquecimento de fibra de carbono infravermelho de 220V 1500W de 1500 mm ganhou aten\u00e7\u00e3o significativa em v\u00e1rias aplica\u00e7\u00f5es, variando de aquecimento residencial a processos industriais. Um dos principais benef\u00edcios dessas l\u00e2mpadas de aquecimento \u00e9 sua efici\u00eancia energ\u00e9tica. Ao contr\u00e1rio dos m\u00e9todos de aquecimento tradicionais que dependem da convec\u00e7\u00e3o, o aquecimento infravermelho aquece diretamente os objetos e os indiv\u00edduos em seu caminho. Esse mecanismo de aquecimento direto minimiza a perda de energia, permitindo um aquecimento mais r\u00e1pido e eficaz. Como resultado, os usu\u00e1rios podem desfrutar de um ambiente confort\u00e1vel e reduzir o consumo de energia, o que \u00e9 particularmente vantajoso na sociedade ecol\u00f3gica de hoje.<\/p>\n<p><img decoding=\"async\" src=\"https:\/\/o-yate.net\/wp-content\/uploads\/2024\/07\/105-1.jpg\" alt=\"alt-390\" class=\"wp-image-390\" id=\"i390\" \/><\/p>\n<p>Al\u00e9m disso, a longevidade dos elementos de aquecimento da fibra de carbono contribui para o seu apelo. A fibra de carbono \u00e9 conhecida por sua durabilidade e resist\u00eancia ao desgaste, o que significa que essas l\u00e2mpadas de aquecimento podem fornecer desempenho consistente por per\u00edodos prolongados. Essa durabilidade se traduz em custos de manuten\u00e7\u00e3o mais baixos e substitui\u00e7\u00f5es menos frequentes, tornando-as uma solu\u00e7\u00e3o econ\u00f4mica a longo prazo. Al\u00e9m disso, a r\u00e1pida capacidade de aquecimento das l\u00e2mpadas de fibra de carbono infravermelho garante que elas atinjam temperaturas ideais quase instantaneamente, proporcionando conforto imediato sem a espera prolongada associada aos sistemas de aquecimento convencionais. Eles podem ser utilizados em v\u00e1rios ambientes, incluindo casas, escrit\u00f3rios, oficinas e espa\u00e7os ao ar livre. Por exemplo, em aplica\u00e7\u00f5es residenciais, elas podem ser instaladas em banheiros, cozinhas ou \u00e1reas de estar para fornecer calor direcionado. Em ambientes industriais, eles podem ser empregados para processos como secagem, cura ou materiais de aquecimento, mostrando sua adaptabilidade em diferentes ambientes. Essa versatilidade os torna uma op\u00e7\u00e3o atraente para uso pessoal e profissional.<\/p>\n<div class=\"entry-content-asset videofit\"><iframe loading=\"lazy\" title=\"525mm 1200w Medium wave carbon fiber heat lamps for Ink dryer\" width=\"720\" height=\"405\" src=\"https:\/\/www.youtube.com\/embed\/ygAU6pmTba8?feature=oembed\" frameborder=\"0\" allow=\"accelerometer; autoplay; clipboard-write; encrypted-media; gyroscope; picture-in-picture; web-share\" referrerpolicy=\"strict-origin-when-cross-origin\" allowfullscreen><\/iframe><\/div>\n<p>Al\u00e9m de seus benef\u00edcios funcionais, as l\u00e2mpadas de aquecimento de fibra de carbono infravermelhas tamb\u00e9m promovem sa\u00fade e bem-estar. A radia\u00e7\u00e3o infravermelha emitida por essas l\u00e2mpadas pode penetrar na pele, proporcionando efeitos terap\u00eauticos, como uma melhor circula\u00e7\u00e3o sangu\u00ednea e relaxamento muscular. Essa caracter\u00edstica os torna particularmente ben\u00e9ficos para indiv\u00edduos que sofrem de dor cr\u00f4nica ou rigidez muscular. Al\u00e9m disso, como o aquecimento por infravermelho n\u00e3o circula poeira ou al\u00e9rgenos, ele cria um ambiente mais limpo e saud\u00e1vel, o que \u00e9 especialmente importante para aqueles com problemas respirat\u00f3rios ou alergias.<\/p>\n<figure class=\"wp-block-table\">\n<table>\n<tbody>\n<tr>\n<td>tem<\/td>\n<td>L\u00e2mpadas de calor infravermelho<\/td>\n<\/tr>\n<tr>\n<td>Pelpplication<\/td>\n<td>Alinging<\/td>\n<\/tr>\n<\/tbody>\n<\/table>\n<\/figure>\n<p>\nSeguran\u00e7a \u00e9 outro aspecto cr\u00edtico das l\u00e2mpadas de aquecimento de fibra de carbono infravermelhas de 220V de 1500W de 1500 mm. Essas l\u00e2mpadas s\u00e3o projetadas com recursos de seguran\u00e7a embutidos, como prote\u00e7\u00e3o de superaquecimento e op\u00e7\u00f5es de montagem est\u00e1veis, o que minimiza o risco de acidentes. Al\u00e9m disso, a aus\u00eancia de chamas abertas ou superf\u00edcies quentes reduz a probabilidade de riscos de inc\u00eandio, tornando -os uma alternativa mais segura aos m\u00e9todos de aquecimento tradicionais. Esse foco na seguran\u00e7a \u00e9 essencial para aplica\u00e7\u00f5es residenciais e comerciais, onde o bem-estar dos ocupantes \u00e9 fundamental. Com designs elegantes e acabamentos modernos, eles podem se misturar perfeitamente a v\u00e1rios estilos interiores, melhorando o ambiente geral de um espa\u00e7o. Essa combina\u00e7\u00e3o de funcionalidade e design os torna n\u00e3o apenas pr\u00e1ticos, mas tamb\u00e9m visualmente agrad\u00e1veis. Sua efici\u00eancia energ\u00e9tica, durabilidade, versatilidade, benef\u00edcios \u00e0 sa\u00fade, recursos de seguran\u00e7a e apelo est\u00e9tico os tornam uma excelente op\u00e7\u00e3o para uma ampla gama de aplica\u00e7\u00f5es. \u00c0 medida que os consumidores buscam cada vez mais solu\u00e7\u00f5es de aquecimento eficazes e sustent\u00e1veis, essas l\u00e2mpadas se destacam como uma op\u00e7\u00e3o confi\u00e1vel que atenda \u00e0s necessidades pr\u00e1ticas e \u00e0s sensibilidades modernas do design.<\/p>\n","protected":false},"excerpt":{"rendered":"<p>Benef\u00edcios do uso de 220V 1500W 1500mm L\u00e2mpadas de aquecimento de fibra de carbono infravermelho O uso de l\u00e2mpadas de aquecimento de fibra de carbono infravermelho de 220V 1500W de 1500 mm ganhou aten\u00e7\u00e3o significativa em v\u00e1rias aplica\u00e7\u00f5es, variando de aquecimento residencial a processos industriais. Um dos principais benef\u00edcios dessas&#8230;<\/p>\n","protected":false},"author":8,"featured_media":12824,"comment_status":"closed","ping_status":"closed","sticky":false,"template":"","format":"standard","meta":{"_kad_post_transparent":"default","_kad_post_title":"default","_kad_post_layout":"default","_kad_post_sidebar_id":"","_kad_post_content_style":"default","_kad_post_vertical_padding":"default","_kad_post_feature":"","_kad_post_feature_position":"","_kad_post_header":false,"_kad_post_footer":false,"footnotes":""},"categories":[1],"tags":[141699,142093,148931,142233,145127,146328,146335,146378,146830,146890,147092,147438,149206,149823,149900,150023,150703,150753,150762,150912,150515,152573],"class_list":["post-20329","post","type-post","status-publish","format-standard","has-post-thumbnail","hentry","category-blogs","tag-1500w","tag-142093","tag-heat","tag-220v-1500w","tag-carbon-fiber","tag-carbon-fiber-heating","tag-carbon-fiber-heating-elements","tag-carbon-fiber-lamps","tag-comfortable","tag-curing","tag-drying","tag-elements","tag-heat-lamps","tag-heating","tag-heating-elements","tag-heating-lamps","tag-infrared","tag-infrared-carbon-fiber","tag-infrared-carbon-fiber-lamps","tag-infrared-heat-lamps","tag-infrared-heating","tag-infrared-radiation"],"translation":{"provider":"WPGlobus","version":"2.12.0","language":"pt","enabled_languages":["en","zh","ar","ja","ko","ru","nl","de","hi","it","pt","es","th","tr","vi"],"languages":{"en":{"title":true,"content":true,"excerpt":false},"zh":{"title":true,"content":true,"excerpt":false},"ar":{"title":true,"content":true,"excerpt":false},"ja":{"title":true,"content":true,"excerpt":false},"ko":{"title":true,"content":true,"excerpt":false},"ru":{"title":true,"content":true,"excerpt":false},"nl":{"title":true,"content":true,"excerpt":false},"de":{"title":true,"content":true,"excerpt":false},"hi":{"title":true,"content":true,"excerpt":false},"it":{"title":true,"content":true,"excerpt":false},"pt":{"title":true,"content":true,"excerpt":false},"es":{"title":true,"content":true,"excerpt":false},"th":{"title":true,"content":true,"excerpt":false},"tr":{"title":true,"content":true,"excerpt":false},"vi":{"title":true,"content":true,"excerpt":false}}},"_links":{"self":[{"href":"https:\/\/o-yate.net\/pt\/wp-json\/wp\/v2\/posts\/20329","targetHints":{"allow":["GET"]}}],"collection":[{"href":"https:\/\/o-yate.net\/pt\/wp-json\/wp\/v2\/posts"}],"about":[{"href":"https:\/\/o-yate.net\/pt\/wp-json\/wp\/v2\/types\/post"}],"author":[{"embeddable":true,"href":"https:\/\/o-yate.net\/pt\/wp-json\/wp\/v2\/users\/8"}],"replies":[{"embeddable":true,"href":"https:\/\/o-yate.net\/pt\/wp-json\/wp\/v2\/comments?post=20329"}],"version-history":[{"count":16,"href":"https:\/\/o-yate.net\/pt\/wp-json\/wp\/v2\/posts\/20329\/revisions"}],"predecessor-version":[{"id":32744,"href":"https:\/\/o-yate.net\/pt\/wp-json\/wp\/v2\/posts\/20329\/revisions\/32744"}],"wp:featuredmedia":[{"embeddable":true,"href":"https:\/\/o-yate.net\/pt\/wp-json\/wp\/v2\/media\/12824"}],"wp:attachment":[{"href":"https:\/\/o-yate.net\/pt\/wp-json\/wp\/v2\/media?parent=20329"}],"wp:term":[{"taxonomy":"category","embeddable":true,"href":"https:\/\/o-yate.net\/pt\/wp-json\/wp\/v2\/categories?post=20329"},{"taxonomy":"post_tag","embeddable":true,"href":"https:\/\/o-yate.net\/pt\/wp-json\/wp\/v2\/tags?post=20329"}],"curies":[{"name":"wp","href":"https:\/\/api.w.org\/{rel}","templated":true}]}}